{"id":278425,"date":"2021-09-29T11:52:46","date_gmt":"2021-09-29T16:52:46","guid":{"rendered":"https:\/\/www.asoinca.com\/?p=278425"},"modified":"2021-09-29T12:40:14","modified_gmt":"2021-09-29T17:40:14","slug":"asamblea-general-virtual","status":"publish","type":"post","link":"https:\/\/www.asoinca.com\/?p=278425","title":{"rendered":"ASAMBLEA GENERAL VIRTUAL"},"content":{"rendered":"\n<div class=\"wp-block-image is-style-rounded\"><figure class=\"aligncenter size-large is-resized\"><img loading=\"lazy\" decoding=\"async\" src=\"https:\/\/www.asoinca.com\/wp-content\/uploads\/2021\/09\/asamblea-feprovitec-2-de-octubre.png\" alt=\"\" class=\"wp-image-278426\" width=\"703\" height=\"422\"\/><\/figure><\/div>\n\n\n\n<p class=\"has-text-align-center has-white-background-color has-background\" style=\"font-size:22px\"><strong><span class=\"has-inline-color has-black-color\">La Junta Directiva de ASOINCA &#8211; FEPROVITEC convoca a todos los afiliados de Feprovitec a la asamblea general virtual, la cual se llevar\u00e1 a cabo el d\u00eda s\u00e1bado 2 de Octubre de 2021 a partir de la 8:00 am por el canal de facebook live de Asoinca Cauca.<\/span><\/strong><\/p>\n\n\n\n<p class=\"has-text-align-center has-white-background-color has-background\" style=\"font-size:22px\"><strong><span class=\"has-inline-color has-black-color\">Para ingresar al video en vivo de la asamblea General virtual de afiliados a FEPROVITEC, debes darle click al siguiente enlace <\/span><\/strong><a rel=\"noreferrer noopener\" href=\"https:\/\/www.facebook.com\/918477744871259\/posts\/4632685503450446\/?sfnsn=scwspmo\" target=\"_blank\">https:\/\/www.facebook.com\/918477744871259\/posts\/4632685503450446\/?sfnsn=scwspmo<\/a><\/p>\n","protected":false},"excerpt":{"rendered":"<p>La Junta Directiva de ASOINCA &#8211; FEPROVITEC convoca a todos los afiliados de Feprovitec a la asamblea general virtual, la cual se llevar\u00e1 a cabo el d\u00eda s\u00e1bado 2 de Octubre de 2021 a partir de la 8:00 am por el canal de facebook live de Asoinca Cauca. Para ingresar al video en vivo de [&hellip;]<\/p>\n","protected":false},"author":1,"featured_media":278429,"comment_status":"open","ping_status":"closed","sticky":false,"template":"","format":"standard","meta":{"_et_pb_use_builder":"off","_et_pb_old_content":"","_et_gb_content_width":"","footnotes":""},"categories":[12,15,13],"tags":[26,25],"class_list":["post-278425","post","type-post","status-publish","format-standard","has-post-thumbnail","hentry","category-educacion-publica","category-noticia","category-lo-ultimo","tag-asoinca-feprovitec","tag-feprovitec"],"_links":{"self":[{"href":"https:\/\/www.asoinca.com\/index.php?rest_route=\/wp\/v2\/posts\/278425","targetHints":{"allow":["GET"]}}],"collection":[{"href":"https:\/\/www.asoinca.com\/index.php?rest_route=\/wp\/v2\/posts"}],"about":[{"href":"https:\/\/www.asoinca.com\/index.php?rest_route=\/wp\/v2\/types\/post"}],"author":[{"embeddable":true,"href":"https:\/\/www.asoinca.com\/index.php?rest_route=\/wp\/v2\/users\/1"}],"replies":[{"embeddable":true,"href":"https:\/\/www.asoinca.com\/index.php?rest_route=%2Fwp%2Fv2%2Fcomments&post=278425"}],"version-history":[{"count":11,"href":"https:\/\/www.asoinca.com\/index.php?rest_route=\/wp\/v2\/posts\/278425\/revisions"}],"predecessor-version":[{"id":278443,"href":"https:\/\/www.asoinca.com\/index.php?rest_route=\/wp\/v2\/posts\/278425\/revisions\/278443"}],"wp:featuredmedia":[{"embeddable":true,"href":"https:\/\/www.asoinca.com\/index.php?rest_route=\/wp\/v2\/media\/278429"}],"wp:attachment":[{"href":"https:\/\/www.asoinca.com\/index.php?rest_route=%2Fwp%2Fv2%2Fmedia&parent=278425"}],"wp:term":[{"taxonomy":"category","embeddable":true,"href":"https:\/\/www.asoinca.com\/index.php?rest_route=%2Fwp%2Fv2%2Fcategories&post=278425"},{"taxonomy":"post_tag","embeddable":true,"href":"https:\/\/www.asoinca.com\/index.php?rest_route=%2Fwp%2Fv2%2Ftags&post=278425"}],"curies":[{"name":"wp","href":"https:\/\/api.w.org\/{rel}","templated":true}]}}