{"id":278799,"date":"2022-08-26T16:21:59","date_gmt":"2022-08-26T21:21:59","guid":{"rendered":"https:\/\/www.asoinca.com\/?p=278799"},"modified":"2022-08-26T16:22:02","modified_gmt":"2022-08-26T21:22:02","slug":"jornadas-de-capacitacion-concurso-docente-2022","status":"publish","type":"post","link":"https:\/\/www.asoinca.com\/?p=278799","title":{"rendered":"JORNADAS DE CAPACITACION CONCURSO DOCENTE 2022"},"content":{"rendered":"\n<p class=\"has-text-align-center has-text-align-justify has-black-color has-text-color\" style=\"font-size:30px\"><strong>Desde nuestra organizaci\u00f3n sindical compartimos con todos los docentes del departamento del Cauca las jornada completas  de capacitaci\u00f3n como herramienta de ayuda hacia el concurso docente mayoritario que se realizara en este a\u00f1o 2022. ASOINCA UNIDAD, ORGANIZACI\u00d3N Y LUCHA.<\/strong><\/p>\n\n\n\n<p class=\"has-text-align-center has-vivid-red-color has-text-color\" style=\"font-size:24px\"><strong>PRIMERA JORNADA DE CAPACITACI\u00d3N<\/strong><\/p>\n\n\n\n<figure class=\"wp-block-embed aligncenter is-type-video is-provider-youtube wp-block-embed-youtube wp-embed-aspect-16-9 wp-has-aspect-ratio\"><div class=\"wp-block-embed__wrapper\">\n<iframe loading=\"lazy\" title=\"PRIMERA JORNADA DE CAPACITACI\u00d3N CONCURSO DOCENTE 2022\" width=\"1080\" height=\"608\" src=\"https:\/\/www.youtube.com\/embed\/3PRlXg-bKKI?feature=oembed\" frameborder=\"0\" allow=\"accelerometer; autoplay; clipboard-write; encrypted-media; gyroscope; picture-in-picture\" allowfullscreen><\/iframe>\n<\/div><figcaption>MATEM\u00c1TICAS<\/figcaption><\/figure>\n\n\n\n<p class=\"has-text-align-center has-vivid-red-color has-text-color\" style=\"font-size:24px\"><strong>SEGUNDA JORNADA DE CAPACITACI\u00d3N<\/strong><\/p>\n\n\n\n<figure class=\"wp-block-embed is-type-video is-provider-youtube wp-block-embed-youtube wp-embed-aspect-16-9 wp-has-aspect-ratio\"><div class=\"wp-block-embed__wrapper\">\n<iframe loading=\"lazy\" title=\"segunda capacitacion\" width=\"1080\" height=\"608\" src=\"https:\/\/www.youtube.com\/embed\/bqZ8HAEmKNQ?feature=oembed\" frameborder=\"0\" allow=\"accelerometer; autoplay; clipboard-write; encrypted-media; gyroscope; picture-in-picture\" allowfullscreen><\/iframe>\n<\/div><figcaption>COMPRESI\u00d3N LECTORA<\/figcaption><\/figure>\n\n\n\n<p class=\"has-text-align-center has-vivid-red-color has-text-color\" style=\"font-size:24px\">TERCERA JORNADA DE CAPACITACI\u00d3N<\/p>\n\n\n\n<figure class=\"wp-block-embed is-type-video is-provider-youtube wp-block-embed-youtube wp-embed-aspect-16-9 wp-has-aspect-ratio\"><div class=\"wp-block-embed__wrapper\">\n<iframe loading=\"lazy\" title=\"TERCERA JORNADA DE CAPACITACI\u00d3N CONCURSO DOCENTE 2022\" width=\"1080\" height=\"608\" src=\"https:\/\/www.youtube.com\/embed\/aWk397UHfwI?feature=oembed\" frameborder=\"0\" allow=\"accelerometer; autoplay; clipboard-write; encrypted-media; gyroscope; picture-in-picture\" allowfullscreen><\/iframe>\n<\/div><figcaption>MATEM\u00c1TICAS<\/figcaption><\/figure>\n\n\n\n<p class=\"has-text-align-center has-vivid-red-color has-text-color\" style=\"font-size:24px\"><strong>CUARTA JORNADA DE CAPACITACI\u00d3N<\/strong><\/p>\n\n\n\n<figure class=\"wp-block-embed is-type-video is-provider-youtube wp-block-embed-youtube wp-embed-aspect-16-9 wp-has-aspect-ratio\"><div class=\"wp-block-embed__wrapper\">\n<iframe loading=\"lazy\" title=\"CUARTA JORNADA DE CAPACITACI\u00d3N CONCURSO DOCENTE 2022\" width=\"1080\" height=\"608\" src=\"https:\/\/www.youtube.com\/embed\/mh1JgmQVV9I?feature=oembed\" frameborder=\"0\" allow=\"accelerometer; autoplay; clipboard-write; encrypted-media; gyroscope; picture-in-picture\" allowfullscreen><\/iframe>\n<\/div><figcaption>COMPRENSI\u00d3N LECTORA<\/figcaption><\/figure>\n\n\n\n<p class=\"has-text-align-center has-vivid-red-color has-text-color\" style=\"font-size:24px\"><strong>QUINTA JORNADA DE CAPACITACI\u00d3N<\/strong><\/p>\n\n\n\n<figure class=\"wp-block-embed is-type-video is-provider-youtube wp-block-embed-youtube wp-embed-aspect-16-9 wp-has-aspect-ratio\"><div class=\"wp-block-embed__wrapper\">\n<iframe loading=\"lazy\" title=\"QUINTA JORNADA DE CAPACITACI\u00d3N CONCURSO DOCENTE 2022\" width=\"1080\" height=\"608\" src=\"https:\/\/www.youtube.com\/embed\/rp10NNWMB7A?feature=oembed\" frameborder=\"0\" allow=\"accelerometer; autoplay; clipboard-write; encrypted-media; gyroscope; picture-in-picture\" allowfullscreen><\/iframe>\n<\/div><figcaption>COMPETENCIAS<\/figcaption><\/figure>\n\n\n\n<p><\/p>\n","protected":false},"excerpt":{"rendered":"<p>Desde nuestra organizaci\u00f3n sindical compartimos con todos los docentes del departamento del Cauca las jornada completas de capacitaci\u00f3n como herramienta de ayuda hacia el concurso docente mayoritario que se realizara en este a\u00f1o 2022. ASOINCA UNIDAD, ORGANIZACI\u00d3N Y LUCHA. PRIMERA JORNADA DE CAPACITACI\u00d3N SEGUNDA JORNADA DE CAPACITACI\u00d3N TERCERA JORNADA DE CAPACITACI\u00d3N CUARTA JORNADA DE CAPACITACI\u00d3N [&hellip;]<\/p>\n","protected":false},"author":1,"featured_media":0,"comment_status":"open","ping_status":"closed","sticky":false,"template":"","format":"video","meta":{"_et_pb_use_builder":"off","_et_pb_old_content":"","_et_gb_content_width":"","footnotes":""},"categories":[21,11,15,13],"tags":[],"class_list":["post-278799","post","type-post","status-publish","format-video","hentry","category-comunicaciones","category-derechos-humanos","category-noticia","category-lo-ultimo","post_format-post-format-video"],"_links":{"self":[{"href":"https:\/\/www.asoinca.com\/index.php?rest_route=\/wp\/v2\/posts\/278799","targetHints":{"allow":["GET"]}}],"collection":[{"href":"https:\/\/www.asoinca.com\/index.php?rest_route=\/wp\/v2\/posts"}],"about":[{"href":"https:\/\/www.asoinca.com\/index.php?rest_route=\/wp\/v2\/types\/post"}],"author":[{"embeddable":true,"href":"https:\/\/www.asoinca.com\/index.php?rest_route=\/wp\/v2\/users\/1"}],"replies":[{"embeddable":true,"href":"https:\/\/www.asoinca.com\/index.php?rest_route=%2Fwp%2Fv2%2Fcomments&post=278799"}],"version-history":[{"count":2,"href":"https:\/\/www.asoinca.com\/index.php?rest_route=\/wp\/v2\/posts\/278799\/revisions"}],"predecessor-version":[{"id":278801,"href":"https:\/\/www.asoinca.com\/index.php?rest_route=\/wp\/v2\/posts\/278799\/revisions\/278801"}],"wp:attachment":[{"href":"https:\/\/www.asoinca.com\/index.php?rest_route=%2Fwp%2Fv2%2Fmedia&parent=278799"}],"wp:term":[{"taxonomy":"category","embeddable":true,"href":"https:\/\/www.asoinca.com\/index.php?rest_route=%2Fwp%2Fv2%2Fcategories&post=278799"},{"taxonomy":"post_tag","embeddable":true,"href":"https:\/\/www.asoinca.com\/index.php?rest_route=%2Fwp%2Fv2%2Ftags&post=278799"}],"curies":[{"name":"wp","href":"https:\/\/api.w.org\/{rel}","templated":true}]}}