{"id":278949,"date":"2023-12-21T19:30:34","date_gmt":"2023-12-22T00:30:34","guid":{"rendered":"https:\/\/www.asoinca.com\/?p=278949"},"modified":"2024-01-05T14:59:24","modified_gmt":"2024-01-05T19:59:24","slug":"liquidacion-bono-40-anos-de-trabajo-comunitario-provitec","status":"publish","type":"post","link":"https:\/\/www.asoinca.com\/?p=278949","title":{"rendered":"LIQUIDACION BONO 40 A\u00d1OS DE TRABAJO COMUNITARIO PROVITEC"},"content":{"rendered":"\n<p class=\"has-drop-cap has-text-align-left has-text-color has-background has-medium-font-size\" style=\"background-color:#0e1d26;color:#ee7676\">Compa\u00f1eros(as): Afiliados(as) a PROVITEC, adjunto enviamos el enlace donde podr\u00e1n verificar el monto total del auxilio que le corresponde por el corte de cuentas, producto del trabajo honesto y responsable que hemos realizado durante 40 a\u00f1os construyendo econom\u00eda y poder popular bajo principios que han demostrado en la pr\u00e1ctica la viabilidad de adelantar proyectos colectivos que han dignificado nuestra vida y nuestra profesi\u00f3n. Provitec hoy empieza a construir una nueva historia, en la cual requerimos continuar con la participaci\u00f3n y la lucha de todos para seguir reivindicando nuestros derechos. Fraternalmente, Junta Directiva de Provitec y Asoinca<\/p>\n\n\n\n<div class=\"wp-block-media-text alignwide has-media-on-the-right is-stacked-on-mobile is-vertically-aligned-center\" style=\"grid-template-columns:auto 29%\"><figure class=\"wp-block-media-text__media\"><img loading=\"lazy\" decoding=\"async\" width=\"823\" height=\"1024\" src=\"https:\/\/www.asoinca.com\/wp-content\/uploads\/2021\/10\/Identificador-FP-1-823x1024.png\" alt=\"PREGUNTAS ASAMBLEA GENERAL VIRTUAL FEPROVITEC 02\/10\/2021\" class=\"wp-image-278452 size-full\"\/><\/figure><div class=\"wp-block-media-text__content\">\n<p class=\"has-text-color has-medium-font-size\" style=\"color:#064a08\"><strong>link para verificar monto del auxilio <\/strong><\/p>\n\n\n\n<div class=\"wp-block-buttons is-layout-flex wp-block-buttons-is-layout-flex\">\n<div class=\"wp-block-button is-style-outline is-style-outline--1\"><a class=\"wp-block-button__link has-white-color has-vivid-red-background-color has-text-color has-background\" href=\"https:\/\/asoinca.com\/auxiliof\/\" target=\"_blank\" rel=\"noreferrer noopener\">BONO DE AUXILIO 40 A\u00d1OS<\/a><\/div>\n<\/div>\n\n\n\n<p class=\"has-text-color has-medium-font-size\" style=\"color:#064a08\"><strong>link para descargar documento de las orientaciones del auxilio de corte de cuentas<\/strong><\/p>\n\n\n\n<p class=\"has-medium-font-size\">link para verificar las sanciones a que ha tenido lugar el afiliado.<\/p>\n\n\n\n<div class=\"wp-block-buttons is-layout-flex wp-block-buttons-is-layout-flex\">\n<div class=\"wp-block-button is-style-outline is-style-outline--2\"><a class=\"wp-block-button__link has-white-color has-vivid-red-background-color has-text-color has-background\" href=\"https:\/\/www.asoinca.com\/wp-content\/uploads\/2024\/01\/sanciones-.pdf\" target=\"_blank\" rel=\"https:\/\/www.asoinca.com\/wp-content\/uploads\/2024\/01\/sanciones-.pdf noopener\">SANCIONES<\/a><\/div>\n<\/div>\n<\/div><\/div>\n\n\n\n<p><\/p>\n","protected":false},"excerpt":{"rendered":"<p>Compa\u00f1eros(as): Afiliados(as) a PROVITEC, adjunto enviamos el enlace donde podr\u00e1n verificar el monto total del auxilio que le corresponde por el corte de cuentas, producto del trabajo honesto y responsable que hemos realizado durante 40 a\u00f1os construyendo econom\u00eda y poder popular bajo principios que han demostrado en la pr\u00e1ctica la viabilidad de adelantar proyectos colectivos [&hellip;]<\/p>\n","protected":false},"author":1,"featured_media":278928,"comment_status":"open","ping_status":"closed","sticky":false,"template":"","format":"standard","meta":{"_et_pb_use_builder":"off","_et_pb_old_content":"<!-- wp:paragraph {\"align\":\"left\",\"dropCap\":true,\"fontSize\":\"medium\",\"style\":{\"color\":{\"background\":\"#0e1d26\",\"text\":\"#ee7676\"}}} -->\n<p class=\"has-drop-cap has-text-align-left has-text-color has-background has-medium-font-size\" style=\"background-color:#0e1d26;color:#ee7676\">Compa\u00f1eros(as): Afiliados(as) a PROVITEC, adjunto enviamos el enlace donde podr\u00e1n verificar el monto total del auxilio que le corresponde por el corte de cuentas, producto del trabajo honesto y responsable que hemos realizado durante 40 a\u00f1os construyendo econom\u00eda y poder popular bajo principios que han demostrado en la pr\u00e1ctica la viabilidad de adelantar proyectos colectivos que han dignificado nuestra vida y nuestra profesi\u00f3n. Provitec hoy empieza a construir una nueva historia, en la cual requerimos continuar con la participaci\u00f3n y la lucha de todos para seguir reivindicando nuestros derechos. Fraternalmente, Junta Directiva de Provitec y Asoinca<\/p>\n<!-- \/wp:paragraph -->\n\n<!-- wp:media-text {\"mediaPosition\":\"right\",\"mediaId\":278452,\"mediaType\":\"image\",\"mediaWidth\":29,\"verticalAlignment\":\"center\"} -->\n<div class=\"wp-block-media-text alignwide has-media-on-the-right is-stacked-on-mobile is-vertically-aligned-center\" style=\"grid-template-columns:auto 29%\"><figure class=\"wp-block-media-text__media\"><img src=\"https:\/\/www.asoinca.com\/wp-content\/uploads\/2021\/10\/Identificador-FP-1-823x1024.png\" alt=\"PREGUNTAS ASAMBLEA GENERAL VIRTUAL FEPROVITEC 02\/10\/2021\" class=\"wp-image-278452 size-full\"\/><\/figure><div class=\"wp-block-media-text__content\"><!-- wp:paragraph {\"fontSize\":\"medium\",\"style\":{\"color\":{\"text\":\"#064a08\"}}} -->\n<p class=\"has-text-color has-medium-font-size\" style=\"color:#064a08\"><strong>link para verificar monto del auxilio <\/strong><\/p>\n<!-- \/wp:paragraph -->\n\n<!-- wp:paragraph {\"style\":{\"typography\":{\"fontSize\":30}}} -->\n<p style=\"font-size:30px\"><a href=\"https:\/\/asoinca.com\/auxilio\"><strong>https:\/\/asoinca.com\/auxilio<\/strong><\/a><\/p>\n<!-- \/wp:paragraph -->\n\n<!-- wp:paragraph {\"fontSize\":\"medium\",\"style\":{\"color\":{\"text\":\"#064a08\"}}} -->\n<p class=\"has-text-color has-medium-font-size\" style=\"color:#064a08\"><strong>link para descargar documento de las orientaciones del auxilio de corte de cuentas<\/strong><\/p>\n<!-- \/wp:paragraph -->\n\n<!-- wp:paragraph {\"fontSize\":\"medium\"} -->\n<p class=\"has-medium-font-size\"><a href=\"https:\/\/www.asoinca.com\/wp-content\/uploads\/2023\/12\/ORIENTACIONES-AUXILIO-CORTE-DE-CUENTAS-PROVITEC.pdf\"><strong>https:\/\/www.asoinca.com\/wp-content\/uploads\/2023\/12\/ORIENTACIONES-AUXILIO-CORTE-DE-CUENTAS-PROVITEC.pdf<\/strong><\/a><\/p>\n<!-- \/wp:paragraph --><\/div><\/div>\n<!-- \/wp:media-text -->\n\n<!-- wp:paragraph -->\n<p><\/p>\n<!-- \/wp:paragraph -->","_et_gb_content_width":"","footnotes":""},"categories":[21,15,13],"tags":[],"class_list":["post-278949","post","type-post","status-publish","format-standard","has-post-thumbnail","hentry","category-comunicaciones","category-noticia","category-lo-ultimo"],"_links":{"self":[{"href":"https:\/\/www.asoinca.com\/index.php?rest_route=\/wp\/v2\/posts\/278949","targetHints":{"allow":["GET"]}}],"collection":[{"href":"https:\/\/www.asoinca.com\/index.php?rest_route=\/wp\/v2\/posts"}],"about":[{"href":"https:\/\/www.asoinca.com\/index.php?rest_route=\/wp\/v2\/types\/post"}],"author":[{"embeddable":true,"href":"https:\/\/www.asoinca.com\/index.php?rest_route=\/wp\/v2\/users\/1"}],"replies":[{"embeddable":true,"href":"https:\/\/www.asoinca.com\/index.php?rest_route=%2Fwp%2Fv2%2Fcomments&post=278949"}],"version-history":[{"count":8,"href":"https:\/\/www.asoinca.com\/index.php?rest_route=\/wp\/v2\/posts\/278949\/revisions"}],"predecessor-version":[{"id":278963,"href":"https:\/\/www.asoinca.com\/index.php?rest_route=\/wp\/v2\/posts\/278949\/revisions\/278963"}],"wp:featuredmedia":[{"embeddable":true,"href":"https:\/\/www.asoinca.com\/index.php?rest_route=\/wp\/v2\/media\/278928"}],"wp:attachment":[{"href":"https:\/\/www.asoinca.com\/index.php?rest_route=%2Fwp%2Fv2%2Fmedia&parent=278949"}],"wp:term":[{"taxonomy":"category","embeddable":true,"href":"https:\/\/www.asoinca.com\/index.php?rest_route=%2Fwp%2Fv2%2Fcategories&post=278949"},{"taxonomy":"post_tag","embeddable":true,"href":"https:\/\/www.asoinca.com\/index.php?rest_route=%2Fwp%2Fv2%2Ftags&post=278949"}],"curies":[{"name":"wp","href":"https:\/\/api.w.org\/{rel}","templated":true}]}}