{"id":280097,"date":"2026-04-28T16:08:10","date_gmt":"2026-04-28T21:08:10","guid":{"rendered":"https:\/\/www.asoinca.com\/?p=280097"},"modified":"2026-04-28T16:09:08","modified_gmt":"2026-04-28T21:09:08","slug":"circular-no-361abril-27-de-2026","status":"publish","type":"post","link":"https:\/\/www.asoinca.com\/?p=280097","title":{"rendered":"CIRCULAR No. 361 (Abril 27 de 2026)"},"content":{"rendered":"\n<p class=\"has-text-align-center\"><strong>CONVOCATORIA A LA CONMEMORACI\u00d3N DEL PRIMERO DE<br>MAYO \u2013 D\u00cdA INTERNACIONAL DE LA CLASE OBRERA<\/strong><\/p>\n\n\n\n<p>La Junta Directiva Departamental de <strong>ASOINCA <\/strong>se permite convocar a todos nuestros afiliados a participar activamente en la conmemoraci\u00f3n del <strong>Primero de Mayo, D\u00eda Internacional de la Clase Obrera<\/strong>, que se desarrollar\u00e1 este viernes en los Zonales de <strong>Popay\u00e1n<\/strong>, <strong>Santander de Quilichao<\/strong> y <strong>El Bordo (Pat\u00eda)<\/strong> a partir de las <strong>8.00am<\/strong>. De igual manera, se orienta a las subdirectivas municipales para que, donde existan las condiciones organizativas, convoquen a esta importante jornada conmemorativa en sus territorios. Asimismo, llamamos a todos nuestros afiliados y a la clase trabajadora a sumarse de manera decidida a las concentraciones, movilizaciones y actos que convoquen otros sectores sociales y organizaciones de trabajadores en estos zonales y en los distintos municipios del departamento donde se desarrollen actividades en el marco de esta fecha hist\u00f3rica.<\/p>\n\n\n\n<div data-wp-interactive=\"core\/file\" class=\"wp-block-file\"><object data-wp-bind--hidden=\"!state.hasPdfPreview\" hidden class=\"wp-block-file__embed\" data=\"https:\/\/www.asoinca.com\/wp-content\/uploads\/2026\/04\/27.-Circular_No_361_Convocatoria_Conmemoracion_Dia_Internacional_Clase_Trabajadora.pdf\" type=\"application\/pdf\" style=\"width:100%;height:600px\" aria-label=\"Incrustado de 27.- Circular_No_361_Convocatoria_Conmemoraci\u00f3n_D\u00eda_Internacional_Clase_Trabajadora.\"><\/object><a id=\"wp-block-file--media-d4cdb6b1-caca-4772-87b8-e343c84ff961\" href=\"https:\/\/www.asoinca.com\/wp-content\/uploads\/2026\/04\/27.-Circular_No_361_Convocatoria_Conmemoracion_Dia_Internacional_Clase_Trabajadora.pdf\">27.- Circular_No_361_Convocatoria_Conmemoraci\u00f3n_D\u00eda_Internacional_Clase_Trabajadora<\/a><a href=\"https:\/\/www.asoinca.com\/wp-content\/uploads\/2026\/04\/27.-Circular_No_361_Convocatoria_Conmemoracion_Dia_Internacional_Clase_Trabajadora.pdf\" class=\"wp-block-file__button wp-element-button\" download aria-describedby=\"wp-block-file--media-d4cdb6b1-caca-4772-87b8-e343c84ff961\">Descarga<\/a><\/div>\n","protected":false},"excerpt":{"rendered":"<p>CONVOCATORIA A LA CONMEMORACI\u00d3N DEL PRIMERO DEMAYO \u2013 D\u00cdA INTERNACIONAL DE LA CLASE OBRERA La Junta Directiva Departamental de ASOINCA se permite convocar a todos nuestros afiliados a participar activamente en la conmemoraci\u00f3n del Primero de Mayo, D\u00eda Internacional de la Clase Obrera, que se desarrollar\u00e1 este viernes en los Zonales de Popay\u00e1n, Santander de [&hellip;]<\/p>\n","protected":false},"author":7,"featured_media":279182,"comment_status":"open","ping_status":"closed","sticky":false,"template":"","format":"standard","meta":{"_et_pb_use_builder":"","_et_pb_old_content":"","_et_gb_content_width":"","footnotes":""},"categories":[1],"tags":[],"class_list":["post-280097","post","type-post","status-publish","format-standard","has-post-thumbnail","hentry","category-sin-categoria"],"_links":{"self":[{"href":"https:\/\/www.asoinca.com\/index.php?rest_route=\/wp\/v2\/posts\/280097","targetHints":{"allow":["GET"]}}],"collection":[{"href":"https:\/\/www.asoinca.com\/index.php?rest_route=\/wp\/v2\/posts"}],"about":[{"href":"https:\/\/www.asoinca.com\/index.php?rest_route=\/wp\/v2\/types\/post"}],"author":[{"embeddable":true,"href":"https:\/\/www.asoinca.com\/index.php?rest_route=\/wp\/v2\/users\/7"}],"replies":[{"embeddable":true,"href":"https:\/\/www.asoinca.com\/index.php?rest_route=%2Fwp%2Fv2%2Fcomments&post=280097"}],"version-history":[{"count":3,"href":"https:\/\/www.asoinca.com\/index.php?rest_route=\/wp\/v2\/posts\/280097\/revisions"}],"predecessor-version":[{"id":280100,"href":"https:\/\/www.asoinca.com\/index.php?rest_route=\/wp\/v2\/posts\/280097\/revisions\/280100"}],"wp:featuredmedia":[{"embeddable":true,"href":"https:\/\/www.asoinca.com\/index.php?rest_route=\/wp\/v2\/media\/279182"}],"wp:attachment":[{"href":"https:\/\/www.asoinca.com\/index.php?rest_route=%2Fwp%2Fv2%2Fmedia&parent=280097"}],"wp:term":[{"taxonomy":"category","embeddable":true,"href":"https:\/\/www.asoinca.com\/index.php?rest_route=%2Fwp%2Fv2%2Fcategories&post=280097"},{"taxonomy":"post_tag","embeddable":true,"href":"https:\/\/www.asoinca.com\/index.php?rest_route=%2Fwp%2Fv2%2Ftags&post=280097"}],"curies":[{"name":"wp","href":"https:\/\/api.w.org\/{rel}","templated":true}]}}